{"id":4352,"date":"2025-03-20T08:59:00","date_gmt":"2025-03-20T08:59:00","guid":{"rendered":"https:\/\/r98.c16.mytemp.website\/etendre-notre-presence-pour-mieux-servir-nos-clients-en-irlande\/"},"modified":"2026-03-04T15:16:05","modified_gmt":"2026-03-04T15:16:05","slug":"etendre-notre-presence-pour-mieux-servir-nos-clients-en-irlande","status":"publish","type":"post","link":"https:\/\/caljan.com\/fr\/etendre-notre-presence-pour-mieux-servir-nos-clients-en-irlande\/","title":{"rendered":"\u00c9tendre notre pr\u00e9sence pour mieux servir nos clients en Irlande"},"content":{"rendered":"\n<p>Afin de renforcer notre pr\u00e9sence r\u00e9gionale et d&rsquo;am\u00e9liorer l&rsquo;assistance \u00e0 la client\u00e8le, Caljan a ouvert une nouvelle entit\u00e9 juridique en Irlande. Cette expansion est une \u00e9tape strat\u00e9gique qui nous permet de fournir un service plus rapide et plus efficace, garantissant que nos clients \u00e0 travers l&rsquo;Irlande re\u00e7oivent le plus haut niveau de soutien pour leurs besoins d&rsquo;automatisation de la logistique.   <\/p>\n\n<blockquote class=\"wp-block-quote is-layout-flow wp-block-quote-is-layout-flow\">\n<p>\u00ab\u00a0L&rsquo;\u00e9tablissement d&rsquo;une entit\u00e9 Caljan d\u00e9di\u00e9e en Irlande s&rsquo;aligne sur notre vision \u00e0 long terme visant \u00e0 am\u00e9liorer le support r\u00e9gional. Face \u00e0 la demande croissante des clients irlandais, une pr\u00e9sence locale nous permettra de fournir un service plus rapide et mieux adapt\u00e9, tout en renfor\u00e7ant les relations avec les principaux partenaires industriels\u00a0\u00bb, d\u00e9clare <strong>Derek Wright<\/strong>, vice-pr\u00e9sident des ventes et du marketing et directeur g\u00e9n\u00e9ral de Caljan UK &amp; IE.  <\/p>\n<\/blockquote>\n\n<p>L&rsquo;\u00e9quipe nouvellement form\u00e9e se concentrera sur l&rsquo;am\u00e9lioration de l&rsquo;exp\u00e9rience client et de l&rsquo;efficacit\u00e9 op\u00e9rationnelle. Les clients b\u00e9n\u00e9ficieront de temps de r\u00e9ponse plus courts, d&rsquo;une plus grande disponibilit\u00e9 des services et d&rsquo;un acc\u00e8s direct \u00e0 l&rsquo;expertise locale.   <\/p>\n\n<p><strong>Les clients irlandais auront acc\u00e8s \u00e0<\/strong> <\/p>\n\n<ul class=\"wp-block-list\">\n<li>Maintenance pr\u00e9ventive et r\u00e9active  <\/li>\n\n\n\n<li>Installation et mise en service des \u00e9quipements  <\/li>\n\n\n\n<li>Approvisionnement en pi\u00e8ces d\u00e9tach\u00e9es et gestion logistique  <\/li>\n\n\n\n<li>Assistance technique et t\u00e9l\u00e9diagnostic.  <\/li>\n<\/ul>\n\n<blockquote class=\"wp-block-quote is-layout-flow wp-block-quote-is-layout-flow\">\n<p>\u00ab\u00a0Avec un centre de service local, nous pouvons \u00e9liminer les retards caus\u00e9s par la logistique transfrontali\u00e8re, optimiser les programmes de maintenance, r\u00e9duire les temps d&rsquo;arr\u00eat et assurer la continuit\u00e9 du service avec des ing\u00e9nieurs locaux, des stocks et des \u00e9quipes d&rsquo;assistance d\u00e9di\u00e9es\u00a0\u00bb, explique <strong>Asem Mohammed<\/strong>, chef de l&rsquo;\u00e9quipe de service de Caljan en Irlande.  <br\/> <\/p>\n<\/blockquote>\n\n<p>Cette expansion nous donne \u00e9galement l&rsquo;occasion d&rsquo;\u00e9largir notre offre de services et de soutenir de nouveaux secteurs et projets en Irlande, tout en b\u00e9n\u00e9ficiant d&rsquo;une plus grande flexibilit\u00e9 dans la planification et l&rsquo;ex\u00e9cution des travaux lorsqu&rsquo;il s&rsquo;agit de servir nos clients existants. Le fait de disposer d&rsquo;une \u00e9quipe locale favorise des partenariats plus solides, ce qui nous permet de mieux r\u00e9pondre aux besoins op\u00e9rationnels de nos clients et d&rsquo;am\u00e9liorer la fiabilit\u00e9 de nos services.   <\/p>\n\n<p>Tout en poursuivant notre croissance, nous restons d\u00e9termin\u00e9s \u00e0 fournir un service exceptionnel, des solutions sur mesure et une assistance fiable aux entreprises de toute l&rsquo;Irlande.  <\/p>\n\n<p>Si vous souhaitez organiser une r\u00e9union ou en savoir plus sur l&rsquo;offre de services de Caljan en Irlande, contactez-nous \u00e0 l&rsquo;adresse <strong>info.ie@caljan.com<\/strong>.<\/p>\n","protected":false},"excerpt":{"rendered":"<p>Afin de renforcer notre pr\u00e9sence r\u00e9gionale et d&rsquo;am\u00e9liorer l&rsquo;assistance \u00e0 la client\u00e8le, Caljan a ouvert une nouvelle entit\u00e9 juridique en Irlande. Cette expansion est une \u00e9tape strat\u00e9gique qui nous permet de fournir un service plus rapide et plus efficace, garantissant que nos clients \u00e0 travers l&rsquo;Irlande re\u00e7oivent le plus haut niveau de soutien pour leurs [&hellip;]<\/p>\n","protected":false},"author":2,"featured_media":4354,"comment_status":"closed","ping_status":"open","sticky":false,"template":"","format":"standard","meta":{"_acf_changed":false,"footnotes":""},"categories":[191],"tags":[],"class_list":["post-4352","post","type-post","status-publish","format-standard","has-post-thumbnail","hentry","category-operations-de-caljan"],"acf":[],"_links":{"self":[{"href":"https:\/\/caljan.com\/fr\/wp-json\/wp\/v2\/posts\/4352","targetHints":{"allow":["GET"]}}],"collection":[{"href":"https:\/\/caljan.com\/fr\/wp-json\/wp\/v2\/posts"}],"about":[{"href":"https:\/\/caljan.com\/fr\/wp-json\/wp\/v2\/types\/post"}],"author":[{"embeddable":true,"href":"https:\/\/caljan.com\/fr\/wp-json\/wp\/v2\/users\/2"}],"replies":[{"embeddable":true,"href":"https:\/\/caljan.com\/fr\/wp-json\/wp\/v2\/comments?post=4352"}],"version-history":[{"count":1,"href":"https:\/\/caljan.com\/fr\/wp-json\/wp\/v2\/posts\/4352\/revisions"}],"predecessor-version":[{"id":4355,"href":"https:\/\/caljan.com\/fr\/wp-json\/wp\/v2\/posts\/4352\/revisions\/4355"}],"wp:featuredmedia":[{"embeddable":true,"href":"https:\/\/caljan.com\/fr\/wp-json\/wp\/v2\/media\/4354"}],"wp:attachment":[{"href":"https:\/\/caljan.com\/fr\/wp-json\/wp\/v2\/media?parent=4352"}],"wp:term":[{"taxonomy":"category","embeddable":true,"href":"https:\/\/caljan.com\/fr\/wp-json\/wp\/v2\/categories?post=4352"},{"taxonomy":"post_tag","embeddable":true,"href":"https:\/\/caljan.com\/fr\/wp-json\/wp\/v2\/tags?post=4352"}],"curies":[{"name":"wp","href":"https:\/\/api.w.org\/{rel}","templated":true}]}}